{"id":700,"date":"2018-09-03T04:43:19","date_gmt":"2018-09-03T04:43:19","guid":{"rendered":"http:\/\/irinabitkova.com\/home\/?p=700"},"modified":"2018-09-03T04:44:53","modified_gmt":"2018-09-03T04:44:53","slug":"en-colombia-ivan-velasquez-es-otra-cosa","status":"publish","type":"post","link":"https:\/\/irinabitkova.com\/home\/en-colombia-ivan-velasquez-es-otra-cosa\/","title":{"rendered":"En Colombia, Iv\u00e1n Vel\u00e1squez es otra cosa"},"content":{"rendered":"<div>\n<div style=\"width: 1034px\" class=\"wp-caption alignnone\"><img loading=\"lazy\" decoding=\"async\" src=\"https:\/\/media.gettyimages.com\/photos\/the-head-of-the-international-commission-against-impunity-in-ivan-picture-id955731832\" alt=\"Image result for ivan velasquez jordan rodas\" width=\"1024\" height=\"697\" \/><p class=\"wp-caption-text\">El titular de la Comisi\u00f3n Internacional contra la Impunidad en Guatemala (CICIG), el colombiano Iv\u00e1n Vel\u00e1squez (izq.), Habla con el abogado guatemalteco de Derechos Humanos Jordan Rodas durante la ceremonia en que el Ministerio P\u00fablico dio su informe anual en Ciudad de Guatemala el 7 de mayo de 2018<\/p><\/div>\n<\/div>\n<div class=\"td-author-by\" style=\"text-align: right;\">Por\u00a0\u00a0<a href=\"https:\/\/republica.gt\/author\/redaccion\/\">Redacci\u00f3n Republica.gt<\/a><\/div>\n<div>\n<p style=\"text-align: justify;\">En Guatemala, Iv\u00e1n Vel\u00e1squez es visto por algunos sectores como palad\u00edn de la justica. Despu\u00e9s de todo, encabeza la Comisi\u00f3n Internacional contra la Impunidad en Guatemala (Cicig), pero en Colombia, es visto de manera diferente. Incluso se menciona que\u00a0<strong>\u201cNo ser\u00eda la primera vez que @Ivan_Velasquez_ abusa de la majestad de la justicia politizado los procesos que tiene a cargo\u201d.<\/strong><\/p>\n<p style=\"text-align: justify;\">Con una leve b\u00fasqueda en Internet, se lee que Iv\u00e1n Vel\u00e1squez G\u00f3mez es un comisionado que naci\u00f3 en 1955, abogado de profesi\u00f3n y autor del libro Manual de derecho disciplinario. Pero tambi\u00e9n se lee que Iv\u00e1n Vel\u00e1squez embriaga gente para sacar informaci\u00f3n. Incluso, se acusa a Iv\u00e1n Vel\u00e1squez de pr\u00e1cticas dudosa como en el El \u2018expediente alcantarilla\u2019 en el que <strong>@Ivan_Velasquez_<\/strong> violaba el debido proceso. Los abogados no pod\u00edan conocer procesos contra sus clientes\u201d.<\/p>\n<h2><strong>Iv\u00e1n Vel\u00e1squez en 10 Tuits<\/strong><\/h2>\n<p style=\"text-align: justify;\">Gustavo R\u00fageles es uno de los detractores de Iv\u00e1n Vel\u00e1squez. Periodista de profesi\u00f3n, es tildado de ser \u201cel periodista cuyas investigaciones podr\u00edan llevar al Premio Nobel de Paz a la c\u00e1rcel\u201d. Ac\u00e1 la lista de publicaciones que hizo en su perfil, respecto de lo que ocurre en Guatemala y su relaci\u00f3n con Iv\u00e1n Vel\u00e1squez. Su visi\u00f3n, se intuye una b\u00fasqueda de equilibrio.<\/p>\n<div class=\"video-container\">\n<blockquote class=\"twitter-tweet\" data-width=\"550\" data-dnt=\"true\">\n<p lang=\"es\" dir=\"ltr\">La mayor\u00eda de los medios oficiales en <a href=\"https:\/\/twitter.com\/hashtag\/Guatemala?src=hash&amp;ref_src=twsrc%5Etfw\">#Guatemala<\/a> apoyan el trabajo de <a href=\"https:\/\/twitter.com\/Ivan_Velasquez_?ref_src=twsrc%5Etfw\">@Ivan_Velasquez_<\/a> y lo ven como un h\u00e9roe. Algunos datos sobre \u00e9l.<\/p>\n<p>&mdash; Gustavo Rugeles (@GustavoRugeles) <a href=\"https:\/\/twitter.com\/GustavoRugeles\/status\/902036581200130048?ref_src=twsrc%5Etfw\">August 28, 2017<\/a><\/p><\/blockquote>\n<p><script async src=\"https:\/\/platform.twitter.com\/widgets.js\" charset=\"utf-8\"><\/script><\/div>\n<div class=\"video-container\">\n<blockquote class=\"twitter-tweet\" data-width=\"550\" data-dnt=\"true\">\n<p lang=\"es\" dir=\"ltr\">1. En <a href=\"https:\/\/twitter.com\/hashtag\/Guatemala?src=hash&amp;ref_src=twsrc%5Etfw\">#Guatemala<\/a> acusan a <a href=\"https:\/\/twitter.com\/Ivan_Velasquez_?ref_src=twsrc%5Etfw\">@Ivan_Velasquez_<\/a> de extralimitarse y buscar cambiar la constituci\u00f3n y el sistema judicial de ese pa\u00eds. Pol\u00edtica.<\/p>\n<p>&mdash; Gustavo Rugeles (@GustavoRugeles) <a href=\"https:\/\/twitter.com\/GustavoRugeles\/status\/902036865842384898?ref_src=twsrc%5Etfw\">August 28, 2017<\/a><\/p><\/blockquote>\n<p><script async src=\"https:\/\/platform.twitter.com\/widgets.js\" charset=\"utf-8\"><\/script><\/div>\n<div class=\"video-container\">\n<blockquote class=\"twitter-tweet\" data-width=\"550\" data-dnt=\"true\">\n<p lang=\"es\" dir=\"ltr\">2 No ser\u00eda la primera vez que <a href=\"https:\/\/twitter.com\/Ivan_Velasquez_?ref_src=twsrc%5Etfw\">@Ivan_Velasquez_<\/a> abusa de la majestad de la justicia politizado los procesos que tiene a cargo. <a href=\"https:\/\/twitter.com\/hashtag\/Parapolitica?src=hash&amp;ref_src=twsrc%5Etfw\">#Parapolitica<\/a><\/p>\n<p>&mdash; Gustavo Rugeles (@GustavoRugeles) <a href=\"https:\/\/twitter.com\/GustavoRugeles\/status\/902037143765307392?ref_src=twsrc%5Etfw\">August 28, 2017<\/a><\/p><\/blockquote>\n<p><script async src=\"https:\/\/platform.twitter.com\/widgets.js\" charset=\"utf-8\"><\/script><\/div>\n<div class=\"video-container\">\n<blockquote class=\"twitter-tweet\" data-width=\"550\" data-dnt=\"true\">\n<p lang=\"es\" dir=\"ltr\">3. En Colombia fueron bien conocidos sus m\u00e9todos con el &#39;Expediente alcantarilla&#39; y embriagado testigos para encochinar a sus detractores.<\/p>\n<p>&mdash; Gustavo Rugeles (@GustavoRugeles) <a href=\"https:\/\/twitter.com\/GustavoRugeles\/status\/902037355669987328?ref_src=twsrc%5Etfw\">August 28, 2017<\/a><\/p><\/blockquote>\n<p><script async src=\"https:\/\/platform.twitter.com\/widgets.js\" charset=\"utf-8\"><\/script><\/div>\n<div class=\"video-container\">\n<blockquote class=\"twitter-tweet\" data-width=\"550\" data-dnt=\"true\">\n<p lang=\"es\" dir=\"ltr\">4 Mag. <a href=\"https:\/\/twitter.com\/Ivan_Velasquez_?ref_src=twsrc%5Etfw\">@Ivan_Velasquez_<\/a>  le meti\u00f3 aguardiente a empleados de Mart\u00edn Llanos buscando declaraciones contra  <a href=\"https:\/\/twitter.com\/AlvaroUribeVel?ref_src=twsrc%5Etfw\">@AlvaroUribeVel<\/a> y <a href=\"https:\/\/twitter.com\/German_Vargas?ref_src=twsrc%5Etfw\">@German_Vargas<\/a><\/p>\n<p>&mdash; Gustavo Rugeles (@GustavoRugeles) <a href=\"https:\/\/twitter.com\/GustavoRugeles\/status\/902038189996691456?ref_src=twsrc%5Etfw\">August 28, 2017<\/a><\/p><\/blockquote>\n<p><script async src=\"https:\/\/platform.twitter.com\/widgets.js\" charset=\"utf-8\"><\/script><\/div>\n<div class=\"video-container\">\n<blockquote class=\"twitter-tweet\" data-width=\"550\" data-dnt=\"true\">\n<p lang=\"es\" dir=\"ltr\">5 El &#39;expediente alcantarilla&#39; de <a href=\"https:\/\/twitter.com\/Ivan_Velasquez_?ref_src=twsrc%5Etfw\">@Ivan_Velasquez_<\/a> violaba el debido proceso. Los abogados no pod\u00edan conocer procesos contra sus clientes<\/p>\n<p>&mdash; Gustavo Rugeles (@GustavoRugeles) <a href=\"https:\/\/twitter.com\/GustavoRugeles\/status\/902038357378772992?ref_src=twsrc%5Etfw\">August 28, 2017<\/a><\/p><\/blockquote>\n<p><script async src=\"https:\/\/platform.twitter.com\/widgets.js\" charset=\"utf-8\"><\/script><\/div>\n<div class=\"video-container\">\n<blockquote class=\"twitter-tweet\" data-width=\"550\" data-dnt=\"true\">\n<p lang=\"es\" dir=\"ltr\">6. El &#39;expediente alcantarilla&#39; le permiti\u00f3 a <a href=\"https:\/\/twitter.com\/Ivan_Velasquez_?ref_src=twsrc%5Etfw\">@Ivan_Velasquez_<\/a>  chuzar comunicaciones sin ning\u00fan tipo de control. Propio de una dictadura.<\/p>\n<p>&mdash; Gustavo Rugeles (@GustavoRugeles) <a href=\"https:\/\/twitter.com\/GustavoRugeles\/status\/902038621305393152?ref_src=twsrc%5Etfw\">August 28, 2017<\/a><\/p><\/blockquote>\n<p><script async src=\"https:\/\/platform.twitter.com\/widgets.js\" charset=\"utf-8\"><\/script><\/div>\n<div class=\"video-container\">\n<blockquote class=\"twitter-tweet\" data-width=\"550\" data-dnt=\"true\">\n<p lang=\"es\" dir=\"ltr\">7.\u00a0En 2008 el investigador Juan Carlos D\u00edaz Rayo denunci\u00f3 excesos de su entnces jefe <a href=\"https:\/\/twitter.com\/Ivan_Velasquez_?ref_src=twsrc%5Etfw\">@Ivan_Velasquez_<\/a>  en los procesos por parapolitica.<\/p>\n<p>&mdash; Gustavo Rugeles (@GustavoRugeles) <a href=\"https:\/\/twitter.com\/GustavoRugeles\/status\/902039053402611712?ref_src=twsrc%5Etfw\">August 28, 2017<\/a><\/p><\/blockquote>\n<p><script async src=\"https:\/\/platform.twitter.com\/widgets.js\" charset=\"utf-8\"><\/script><\/div>\n<div class=\"video-container\">\n<blockquote class=\"twitter-tweet\" data-width=\"550\" data-dnt=\"true\">\n<p lang=\"es\" dir=\"ltr\">8. En Guatemala se espera que Iv\u00e1n Vel\u00e1zquez sea sacado del pa\u00eds por la embajada de Estados Unidos luego de que el presidente lo expulsara.<\/p>\n<p>&mdash; Gustavo Rugeles (@GustavoRugeles) <a href=\"https:\/\/twitter.com\/GustavoRugeles\/status\/902039169744162816?ref_src=twsrc%5Etfw\">August 28, 2017<\/a><\/p><\/blockquote>\n<p><script async src=\"https:\/\/platform.twitter.com\/widgets.js\" charset=\"utf-8\"><\/script><\/div>\n<div class=\"video-container\">\n<blockquote class=\"twitter-tweet\" data-width=\"550\" data-dnt=\"true\">\n<p lang=\"es\" dir=\"ltr\">9. Otras posibles razones de su expulsi\u00f3n: Iv\u00e1n Vel\u00e1zquez investigaba la posible narco financiaci\u00f3n de campa\u00f1a del presidente Jimmy Morales<\/p>\n<p>&mdash; Gustavo Rugeles (@GustavoRugeles) <a href=\"https:\/\/twitter.com\/GustavoRugeles\/status\/902039405401079809?ref_src=twsrc%5Etfw\">August 28, 2017<\/a><\/p><\/blockquote>\n<p><script async src=\"https:\/\/platform.twitter.com\/widgets.js\" charset=\"utf-8\"><\/script><\/div>\n<div class=\"video-container\">\n<blockquote class=\"twitter-tweet\" data-width=\"550\" data-dnt=\"true\">\n<p lang=\"es\" dir=\"ltr\">10. <a href=\"https:\/\/twitter.com\/Ivan_Velasquez_?ref_src=twsrc%5Etfw\">@Ivan_Velasquez_<\/a> tambi\u00e9n ha tocado con sus investigaciones al hermano e hijo del Presidente Morales. Tumb\u00f3 al anterior presidente.<\/p>\n<p>&mdash; Gustavo Rugeles (@GustavoRugeles) <a href=\"https:\/\/twitter.com\/GustavoRugeles\/status\/902039524318093312?ref_src=twsrc%5Etfw\">August 28, 2017<\/a><\/p><\/blockquote>\n<p><script async src=\"https:\/\/platform.twitter.com\/widgets.js\" charset=\"utf-8\"><\/script><\/div>\n<h2 style=\"text-align: center;\"><strong>\u00bfQui\u00e9n es Gustavo R\u00fageles?<\/strong><\/h2>\n<figure id=\"attachment_131571\" class=\"wp-caption aligncenter\"><img loading=\"lazy\" decoding=\"async\" class=\"size-full wp-image-131571\" src=\"https:\/\/republica.gt\/wp-content\/uploads\/2017\/08\/rzqC1cuq.jpg\" sizes=\"auto, (max-width: 512px) 100vw, 512px\" srcset=\"https:\/\/republica.gt\/wp-content\/uploads\/2017\/08\/rzqC1cuq.jpg 512w, https:\/\/republica.gt\/wp-content\/uploads\/2017\/08\/rzqC1cuq-300x300.jpg 300w, https:\/\/republica.gt\/wp-content\/uploads\/2017\/08\/rzqC1cuq-100x100.jpg 100w, https:\/\/republica.gt\/wp-content\/uploads\/2017\/08\/rzqC1cuq-215x215.jpg 215w\" alt=\"iv\u00e1n-vel\u00e1squez-cicig-colombia-gustavo-rugeles\" width=\"512\" height=\"512\" \/><figcaption class=\"wp-caption-text\">Gustavo Rugeles.<\/figcaption><\/figure>\n<p style=\"text-align: justify;\">\u201cPor su comportamiento, Gustavo R\u00fageles parecer\u00eda un profesional joven como cualquier otro, un poco m\u00e1s reflexivo, independiente y sin mayores vanidades frente a su papel como editor pol\u00edtico de una de los m\u00e1s importantes medios independientes de Colombia. Por sus resultados, sin embargo, Gustavo R\u00fageles ser\u00eda el m\u00e1s agudo y escrupuloso periodista pol\u00edtico del pa\u00eds.<\/p>\n<p style=\"text-align: justify;\">Gustavo R\u00fageles se muestra como un implacable profesional que puede poner en este momento contra las cuerdas al propio presidente de la Rep\u00fablica y Premio Nobel de Paz, y cambiar el futuro pol\u00edtico de Colombia\u201d.<\/p>\n<blockquote><p><em><strong>LEA EL PERFIL COMPLETO EN ESTE\u00a0<a href=\"http:\/\/elnodo.co\/santosrugeles%7d\">ENLACE<\/a>.<\/strong><\/em><\/p><\/blockquote>\n<\/div>\n<p>&nbsp;","protected":false},"excerpt":{"rendered":"<p>Por\u00a0\u00a0Redacci\u00f3n Republica.gt En Guatemala, Iv\u00e1n Vel\u00e1squez es visto por algunos sectores como palad\u00edn de la justica. Despu\u00e9s de todo, encabeza la Comisi\u00f3n Internacional contra la Impunidad en Guatemala (Cicig), pero en Colombia, es visto de manera diferente. Incluso se menciona que\u00a0\u201cNo ser\u00eda la primera vez que @Ivan_Velasquez_ abusa de la majestad de la justicia politizado [&hellip;]<\/p>\n","protected":false},"author":1,"featured_media":703,"comment_status":"open","ping_status":"closed","sticky":true,"template":"","format":"standard","meta":{"footnotes":""},"categories":[1],"tags":[],"class_list":["post-700","post","type-post","status-publish","format-standard","has-post-thumbnail","hentry","category-uncategorized"],"_links":{"self":[{"href":"https:\/\/irinabitkova.com\/home\/wp-json\/wp\/v2\/posts\/700","targetHints":{"allow":["GET"]}}],"collection":[{"href":"https:\/\/irinabitkova.com\/home\/wp-json\/wp\/v2\/posts"}],"about":[{"href":"https:\/\/irinabitkova.com\/home\/wp-json\/wp\/v2\/types\/post"}],"author":[{"embeddable":true,"href":"https:\/\/irinabitkova.com\/home\/wp-json\/wp\/v2\/users\/1"}],"replies":[{"embeddable":true,"href":"https:\/\/irinabitkova.com\/home\/wp-json\/wp\/v2\/comments?post=700"}],"version-history":[{"count":0,"href":"https:\/\/irinabitkova.com\/home\/wp-json\/wp\/v2\/posts\/700\/revisions"}],"wp:featuredmedia":[{"embeddable":true,"href":"https:\/\/irinabitkova.com\/home\/wp-json\/wp\/v2\/media\/703"}],"wp:attachment":[{"href":"https:\/\/irinabitkova.com\/home\/wp-json\/wp\/v2\/media?parent=700"}],"wp:term":[{"taxonomy":"category","embeddable":true,"href":"https:\/\/irinabitkova.com\/home\/wp-json\/wp\/v2\/categories?post=700"},{"taxonomy":"post_tag","embeddable":true,"href":"https:\/\/irinabitkova.com\/home\/wp-json\/wp\/v2\/tags?post=700"}],"curies":[{"name":"wp","href":"https:\/\/api.w.org\/{rel}","templated":true}]}}