{"id":390,"date":"2017-02-13T05:57:35","date_gmt":"2017-02-13T05:57:35","guid":{"rendered":"http:\/\/irinabitkova.com\/home\/?p=390"},"modified":"2017-02-13T06:04:43","modified_gmt":"2017-02-13T06:04:43","slug":"convencion-palermo-letra-muerta-la-justicia-guatemalteca","status":"publish","type":"post","link":"https:\/\/irinabitkova.com\/home\/convencion-palermo-letra-muerta-la-justicia-guatemalteca\/","title":{"rendered":"Convenci\u00f3n de Palermo Letra Muerta para la Justicia Guatemalteca"},"content":{"rendered":"<h2 style=\"text-align: center;\">\u00a0<strong>\u00bfQu\u00e9 es la Convenci\u00f3n de Palermo?<\/strong><\/h2>\n<p style=\"text-align: justify;\">\u201cLa Convenci\u00f3n de Palermo, <strong>es un tratado internacional en materia de Derechos Humanos ratificado por Guatemala<\/strong> seg\u00fan decreto del congreso de la Rep\u00fablica n\u00famero 36-2003 en su art\u00edculo 19 proh\u00edbe la discriminaci\u00f3n o trato desigual a los migrantes es decir todos los migrantes deben ser tratados de forma igualitaria no importa si migraron con la ayuda de un intermediario (coyote) o bien de organizaciones internacionales llamadas redes transnacionales quienes se escudan bajo la fachada de un negocio legal de ayuda al migrante\u201d<\/p>\n<h2 style=\"text-align: center;\"><strong>Familia Rusa Bitkovs y la Convenci\u00f3n de Palermo\u00a0<\/strong><\/h2>\n<p style=\"text-align: justify;\">La familia de emigrantes rusos Bitkovs solicita la aplicaci\u00f3n de la Convenci\u00f3n de Palermo tratado internacional en materia de Derechos Humanos ratificado debidamente por Guatemala desde el a\u00f1o 2003, el cual tiene como finalidad la protecci\u00f3n del migrante victima de estructuras criminales.<\/p>\n<p style=\"text-align: justify;\">Dicha Convenci\u00f3n proh\u00edbe la discriminaci\u00f3n o trato desigual a los migrantes, es decir todos los migrantes deben ser tratados de forma igualitaria, no importando si migraron con la ayuda de un intermediario (coyote) o bien fueran victimas de organizaciones internacionales llamadas \u00abRedes Transnacionales\u00bb las cuales se escudan bajo la fachada de un negocio legal de ayuda al migrante.<\/p>\n<p style=\"text-align: justify;\">El caso de la familia Bitkovs ha sido un caso que a nivel nacional e internacional ha causado consternaci\u00f3n en cuanto a que sus Derechos Humanos as\u00ed como sus derechos de migrantes han sido violentados, tomando en cuenta que su aprensi\u00f3n en su casa de habitaci\u00f3n en el a\u00f1o 2015, se cont\u00f3 con mas de 70 policias cuya finalidad era conducir a un juzgado a la familia rusa integrada por los esposos Bitkovs (Igor e Irina) y sus dos hijos Anastasia y Vladimir de tan solo 3 a\u00f1os de edad!<\/p>\n<p style=\"text-align: justify;\"><img loading=\"lazy\" decoding=\"async\" class=\"size-full wp-image-397 aligncenter\" src=\"https:\/\/irinabitkova.com\/home\/wp-content\/uploads\/2017\/02\/Allanamiento-Familia-Bitkovs.jpg\" alt=\"Allanamiento Familia Bitkovs\" width=\"630\" height=\"330\" \/><\/p>\n<p style=\"text-align: justify;\"><span style=\"color: #333399;\"><b><i>Quiz\u00e1<\/i><\/b><strong><em>\u00a0le interese leer la historia completa del allanamiento\u00a0haciendo clic en la siguiente imagen:<\/em><\/strong><\/span><\/p>\n<p style=\"text-align: justify;\"><a href=\"https:\/\/irinabitkova.com\/home\/index.php\/2016\/05\/04\/carcel-relato-de-un-allanamiento-despiadado-irina-bitkova\/\"><img decoding=\"async\" src=\"https:\/\/irinabitkova.com\/home\/wp-content\/uploads\/2016\/05\/CARCEL-RELATO-DE-UN-ALLANAMIENTO-DESPIADADO-IRINA-BITKOVA-1.png\" \/><\/a><\/p>\n<p style=\"text-align: justify;\">Los Bitkovs contactaron a una firma de abogados internacionales que ofrecia sus servicios por Internet, quienes ofrec\u00edan \u00a0servicios jur\u00eddicos \u00a0y migratorios a los extranjeros \u00a0para la\u00a0\u00a0obtenci\u00f3n de sus documentos de identificaci\u00f3n y de viaje dentro del territorio Guatemalteco.<\/p>\n<p style=\"text-align: justify;\"><em><strong>Quiz\u00e1 le interese leer como fue que la familia Bitkovs Obtuvo sus documentos en Guatemala haciendo clic en la siguiente imagen:<\/strong><\/em><\/p>\n<p style=\"text-align: justify;\"><a href=\"http:\/\/igorbitkov.com\/site\/wp-content\/uploads\/2016\/05\/C%C3%B3mo-obtuvimos-Documentos-en-Guatemala-Igor-Bitkov-1024x512.png\"><img decoding=\"async\" src=\"http:\/\/igorbitkov.com\/site\/wp-content\/uploads\/2016\/05\/C%C3%B3mo-obtuvimos-Documentos-en-Guatemala-Igor-Bitkov-1024x512.png\" \/><\/a><\/p>\n<h2 class=\"r\" style=\"text-align: center;\">El \u00a0Consejo Nacional de Atenci\u00f3n al Migrante de Guatemala &#8211; CONAMIGUA- pide:<br \/>\n\u00ab<strong>El No Trato Delincuencial al Migrante<\/strong>\u00bb promoviendo aplicaci\u00f3n de la<br \/>\nConvenci\u00f3n de Palermo en Guatemala<\/h2>\n<h2 class=\"r\" style=\"text-align: center;\"><img loading=\"lazy\" decoding=\"async\" class=\"size-full wp-image-395 aligncenter\" src=\"https:\/\/irinabitkova.com\/home\/wp-content\/uploads\/2017\/02\/Convencion-de-Palermo-CONAMIGUA-Guatemala.png\" alt=\"\" width=\"565\" height=\"485\" srcset=\"https:\/\/irinabitkova.com\/home\/wp-content\/uploads\/2017\/02\/Convencion-de-Palermo-CONAMIGUA-Guatemala.png 565w, https:\/\/irinabitkova.com\/home\/wp-content\/uploads\/2017\/02\/Convencion-de-Palermo-CONAMIGUA-Guatemala-300x258.png 300w\" sizes=\"auto, (max-width: 565px) 100vw, 565px\" \/><\/h2>\n<p style=\"text-align: justify;\">Con el objetivo de visibilizar la importancia de la aplicaci\u00f3n del Protocolo contra el Tr\u00e1fico Il\u00edcito de Migrantes por tierra, mar y aire, <a href=\"http:\/\/www.acnur.org\/fileadmin\/Documentos\/BDL\/2002\/1292.pdf\"><strong>que complementa la Convenci\u00f3n contra la delincuencia organizada transnacional<\/strong><\/a>,\u00a0firmada en Palermo en el a\u00f1o 2000, la Secretar\u00eda Ejecutiva del Consejo Nacional de Atenci\u00f3n al Migrante de Guatemala (CONAMIGUA) en conjunto a entidades educativas en materia jur\u00eddica, organizaron el Segundo Foro Internacional denominado <strong><em>\u201cAplicaci\u00f3n Del Protocolo Contra El Tr\u00e1fico Il\u00edcito De Migrantes Por Tierra, Mar Y Aire De La Convenci\u00f3n De Palermo En Beneficio De Los Migrantes\u201d<\/em><\/strong> desarrollado en el <strong>Ministerio de Relaciones Exteriores de Guatemala. \u00a0<\/strong><\/p>\n<p style=\"text-align: justify;\">La Actividad cont\u00f3 con la participaci\u00f3n de panelistas nacionales e internacionales reconocidos en su amplia trayectoria como juristas y conocedores del Derecho Internacional, Derecho Migratorio as\u00ed como en materia de Derechos Humanos<\/p>\n<p><img loading=\"lazy\" decoding=\"async\" class=\"size-full wp-image-396 aligncenter\" src=\"https:\/\/irinabitkova.com\/home\/wp-content\/uploads\/2017\/02\/islandia.png\" alt=\"\" width=\"793\" height=\"528\" srcset=\"https:\/\/irinabitkova.com\/home\/wp-content\/uploads\/2017\/02\/islandia.png 793w, https:\/\/irinabitkova.com\/home\/wp-content\/uploads\/2017\/02\/islandia-300x200.png 300w, https:\/\/irinabitkova.com\/home\/wp-content\/uploads\/2017\/02\/islandia-768x511.png 768w\" sizes=\"auto, (max-width: 793px) 100vw, 793px\" \/><\/p>\n<p>La Secretaria Ejecutiva del <strong>CONAMIGUA<\/strong>, explic\u00f3 que la finalidad de dicho protocolo es prevenir y combatir el tr\u00e1fico il\u00edcito de migrantes, promover la cooperaci\u00f3n entre los Estados que son parte, as\u00ed como proteger los derechos de las v\u00edctimas de este delito.<\/p>\n<p style=\"text-align: center;\"><div class=\"su-youtube su-u-responsive-media-yes\"><iframe loading=\"lazy\" width=\"600\" height=\"400\" src=\"https:\/\/www.youtube.com\/embed\/sU50mA0p5Bw?autohide=2&amp;autoplay=0&amp;mute=0&amp;controls=1&amp;fs=1&amp;loop=0&amp;modestbranding=0&amp;rel=0&amp;showinfo=1&amp;theme=dark&amp;wmode=&amp;playsinline=0\" frameborder=\"0\" allowfullscreen allow=\"autoplay; encrypted-media; picture-in-picture\" title=\"\"><\/iframe><\/div>\n<p>La <strong>Oficina de Derechos Humanos del Arzobispado de Guatemala<\/strong> mediante el <strong>Licenciado Nery Rodenas<\/strong> se pronuncio al respecto.<\/p>\n<p style=\"text-align: center;\"><div class=\"su-youtube su-u-responsive-media-yes\"><iframe loading=\"lazy\" width=\"600\" height=\"400\" src=\"https:\/\/www.youtube.com\/embed\/J3TEswYNbxQ?autohide=2&amp;autoplay=0&amp;mute=0&amp;controls=1&amp;fs=1&amp;loop=0&amp;modestbranding=0&amp;rel=0&amp;showinfo=1&amp;theme=dark&amp;wmode=&amp;playsinline=0\" frameborder=\"0\" allowfullscreen allow=\"autoplay; encrypted-media; picture-in-picture\" title=\"\"><\/iframe><\/div>\n<p style=\"text-align: left;\">As\u00ed mismo el Reverendo C\u00e9sar V\u00e1squez Presidente de la Alianza Evang\u00e9lica de Guatemala manifest\u00f3.<\/p>\n<p style=\"text-align: center;\"><div class=\"su-youtube su-u-responsive-media-yes\"><iframe loading=\"lazy\" width=\"600\" height=\"400\" src=\"https:\/\/www.youtube.com\/embed\/IwnHtCsW-Fw?autohide=2&amp;autoplay=0&amp;mute=0&amp;controls=1&amp;fs=1&amp;loop=0&amp;modestbranding=0&amp;rel=0&amp;showinfo=1&amp;theme=dark&amp;wmode=&amp;playsinline=0\" frameborder=\"0\" allowfullscreen allow=\"autoplay; encrypted-media; picture-in-picture\" title=\"\"><\/iframe><\/div>\n<h1 style=\"text-align: center;\"><strong>\u00bfQu\u00e9 resolver\u00e1\u00a0la Justicia Guatemalteca en cuanto a la Aplicaci\u00f3n de la Convenci\u00f3n de Palermo en el Caso de la Familia Rusa Bitkovs?<\/strong><\/h1>\n<h2 style=\"text-align: center;\"><strong>\u00bfSe aplicara o No la Convenci\u00f3n de Palermo al Caso de la Familia Rusa Bitkovs<br \/>\n<\/strong><strong>o se convertir\u00e1\u00a0en\u00a0letra muerta?<\/strong><\/h2>\n<h3><strong>Analicemos:\u00a0<\/strong><\/h3>\n<ul>\n<li style=\"text-align: justify;\">La \u00a0familia de migrantes rusos <strong>Bitkovs<\/strong> mediante sus abogados defensores hicieron \u00a0del conocimiento de la \u00a0<strong>Jueza Erika Aif\u00e1n<\/strong>, de la forma como la familia rusa hab\u00edan sido\u00a0enga\u00f1ada por un Bufete Juridico (Cutino International) \u00a0el cual contactaron por internet y que ofrecia soluciones migratorias\u00a0a los extranjeros mismos que hasta presente fecha (2017) a\u00fan no ha sido investigados por el Ministerio P\u00fablico a pesar de existir ya una denuncia en contra\u00a0del\u00a0referido bufete de abogados.<\/li>\n<\/ul>\n<p style=\"text-align: center;\"><div class=\"su-youtube su-u-responsive-media-yes\"><iframe loading=\"lazy\" width=\"600\" height=\"400\" src=\"https:\/\/www.youtube.com\/embed\/pinEm7gn5zI?autohide=2&amp;autoplay=0&amp;mute=0&amp;controls=1&amp;fs=1&amp;loop=0&amp;modestbranding=0&amp;rel=0&amp;showinfo=1&amp;theme=dark&amp;wmode=&amp;playsinline=0\" frameborder=\"0\" allowfullscreen allow=\"autoplay; encrypted-media; picture-in-picture\" title=\"\"><\/iframe><\/div>\n<ul>\n<li style=\"text-align: justify;\">Es el caso que la <strong>Comisi\u00f3n Nacional Contra la Impunidad -CICIG<\/strong>&#8211; ha manifestado mediante el comunicado oficial 01-2015 que durante sus investigaciones determina \u00a0que <strong>la Familia Bitkovs ha sido VICTIMA<\/strong> por una estructura criminal que operaba dentro del RENAP y de MIGRACI\u00d3N la cual mediante fachada de un negocio legal enga\u00f1aba a los migrantes.<\/li>\n<\/ul>\n<p style=\"text-align: center;\"><div class=\"su-youtube su-u-responsive-media-yes\"><iframe loading=\"lazy\" width=\"600\" height=\"400\" src=\"https:\/\/www.youtube.com\/embed\/thNuYOUpAJg?autohide=2&amp;autoplay=0&amp;mute=0&amp;controls=1&amp;fs=1&amp;loop=0&amp;modestbranding=0&amp;rel=0&amp;showinfo=1&amp;theme=dark&amp;wmode=&amp;playsinline=0\" frameborder=\"0\" allowfullscreen allow=\"autoplay; encrypted-media; picture-in-picture\" title=\"\"><\/iframe><\/div>\n<ul>\n<li>Por lo tanto es evidente que la familia rusa Bitkovs ha sido victima de una \u00abRed Transnacional de Trafico de Migrantes\u00bb por lo que la defensa de la familia rusa \u00a0solicito la aplicaci\u00f3n de la Convenci\u00f3n de Palermo ante la Jueza Erika Aifan<\/li>\n<\/ul>\n<p style=\"text-align: center;\"><div class=\"su-youtube su-u-responsive-media-yes\"><iframe loading=\"lazy\" width=\"600\" height=\"400\" src=\"https:\/\/www.youtube.com\/embed\/6kdaCuvFDBA?autohide=2&amp;autoplay=0&amp;mute=0&amp;controls=1&amp;fs=1&amp;loop=0&amp;modestbranding=0&amp;rel=0&amp;showinfo=1&amp;theme=dark&amp;wmode=&amp;playsinline=0\" frameborder=\"0\" allowfullscreen allow=\"autoplay; encrypted-media; picture-in-picture\" title=\"\"><\/iframe><\/div>\n<ul>\n<li>A nivel nacional e internacional se sabe que <strong>la familia Rusa Bitkovs es perseguida politicamente por parte del Gobierno de Rusia<\/strong>, lo que hace necesario que a dicha familia se le brinde protecci\u00f3n por parte del Estado de Guatemala por medio de la aplicaci\u00f3n de la Convenci\u00f3n de Palermo.<\/li>\n<\/ul>\n<p style=\"text-align: center;\"><div class=\"su-youtube su-u-responsive-media-yes\"><iframe loading=\"lazy\" width=\"600\" height=\"400\" src=\"https:\/\/www.youtube.com\/embed\/Ux73ofWvmUY?autohide=2&amp;autoplay=0&amp;mute=0&amp;controls=1&amp;fs=1&amp;loop=0&amp;modestbranding=0&amp;rel=0&amp;showinfo=1&amp;theme=dark&amp;wmode=&amp;playsinline=0\" frameborder=\"0\" allowfullscreen allow=\"autoplay; encrypted-media; picture-in-picture\" title=\"\"><\/iframe><\/div>\n<h2 style=\"text-align: center;\">Por lo tanto la Justicia guatemalteca tiene el reto de resolver \u00a0conforme a derecho este 13 de febrero de 2017 brindando la \u00a0protecci\u00f3n a\u00a0la familia Rusa Bitkovs en Guatemala que otorga la Convenci\u00f3n de Palermo.<\/h2>\n<p><img decoding=\"async\" class=\"aligncenter\" src=\"http:\/\/igorbitkov.com\/site\/wp-content\/uploads\/2016\/09\/Dificil-de-Comprender-Jueza-Erika-Aifan-Opinion-por-Federico-Figueroa-780x350.png\" \/><\/p>\n<h1 style=\"text-align: center;\">La Convenci\u00f3n de Palermo dice que \u00abLos migrantes que inclusive hayan fabricado o usado documentos de identificaci\u00f3n o de viaje falsos NO deben de ser juzgados penalmente&#8230;\u00bb<\/h1>\n<h1 style=\"text-align: center;\">Juzque usted si la Convenci\u00f3n de Palermo ser\u00e1 aplicada o se convertir\u00e1 en Letra Muerta ma\u00f1ana en Guatemala.<\/h1>","protected":false},"excerpt":{"rendered":"<p>\u00a0\u00bfQu\u00e9 es la Convenci\u00f3n de Palermo? \u201cLa Convenci\u00f3n de Palermo, es un tratado internacional en materia de Derechos Humanos ratificado por Guatemala seg\u00fan decreto del congreso de la Rep\u00fablica n\u00famero 36-2003 en su art\u00edculo 19 proh\u00edbe la discriminaci\u00f3n o trato desigual a los migrantes es decir todos los migrantes deben ser tratados de forma igualitaria [&hellip;]<\/p>\n","protected":false},"author":1,"featured_media":391,"comment_status":"open","ping_status":"closed","sticky":true,"template":"","format":"standard","meta":{"footnotes":""},"categories":[2,10,8],"tags":[24,27,28,15,14,29],"class_list":["post-390","post","type-post","status-publish","format-standard","has-post-thumbnail","hentry","category-articulo","category-nacional","category-noticias","tag-casomigracion","tag-convencion-de-palermo","tag-guatemala","tag-igor-bitkov","tag-irina-bitkova","tag-justicia"],"_links":{"self":[{"href":"https:\/\/irinabitkova.com\/home\/wp-json\/wp\/v2\/posts\/390","targetHints":{"allow":["GET"]}}],"collection":[{"href":"https:\/\/irinabitkova.com\/home\/wp-json\/wp\/v2\/posts"}],"about":[{"href":"https:\/\/irinabitkova.com\/home\/wp-json\/wp\/v2\/types\/post"}],"author":[{"embeddable":true,"href":"https:\/\/irinabitkova.com\/home\/wp-json\/wp\/v2\/users\/1"}],"replies":[{"embeddable":true,"href":"https:\/\/irinabitkova.com\/home\/wp-json\/wp\/v2\/comments?post=390"}],"version-history":[{"count":0,"href":"https:\/\/irinabitkova.com\/home\/wp-json\/wp\/v2\/posts\/390\/revisions"}],"wp:featuredmedia":[{"embeddable":true,"href":"https:\/\/irinabitkova.com\/home\/wp-json\/wp\/v2\/media\/391"}],"wp:attachment":[{"href":"https:\/\/irinabitkova.com\/home\/wp-json\/wp\/v2\/media?parent=390"}],"wp:term":[{"taxonomy":"category","embeddable":true,"href":"https:\/\/irinabitkova.com\/home\/wp-json\/wp\/v2\/categories?post=390"},{"taxonomy":"post_tag","embeddable":true,"href":"https:\/\/irinabitkova.com\/home\/wp-json\/wp\/v2\/tags?post=390"}],"curies":[{"name":"wp","href":"https:\/\/api.w.org\/{rel}","templated":true}]}}